{"id":342,"date":"2025-08-08T12:18:08","date_gmt":"2025-08-08T12:18:08","guid":{"rendered":"https:\/\/www.hrn.contact\/?p=342"},"modified":"2025-08-08T12:18:09","modified_gmt":"2025-08-08T12:18:09","slug":"mon-ombre","status":"publish","type":"post","link":"https:\/\/www.hrn.contact\/?p=342","title":{"rendered":"Mon ombre"},"content":{"rendered":"\n<p>J\u2019ai f\u00e9licit\u00e9 St\u00e9phane pour la naissance de son petit-fils Jules, et nous avons parl\u00e9 de ses d\u00e9couvertes sur la petite enfance. L\u2019enfant qui commence \u00e0 pr\u00eater attention aux visages, dont le regard devient plus cibl\u00e9, les mouvements plus assur\u00e9s\u2026 Un cheminement vers une ma\u00eetrise partiellement consciente, partiellement inconsciente \u2014 aboutissant \u00e0 sa personnalit\u00e9 d\u2019adulte.<\/p>\n\n\n\n<p>J\u2019ai poursuivi la discussion en partageant une id\u00e9e qui m\u2019est ch\u00e8re : l\u2019instant magique, selon moi, dans l\u2019\u00e9volution d\u2019un enfant, c\u2019est lorsqu\u2019il d\u00e9couvre son ombre. J\u2019ai \u00e9t\u00e9 t\u00e9moin de ce moment \u00e0 plusieurs reprises dans mon entourage familial ou amical. Un enfant s\u2019immobilise, troubl\u00e9, en prenant conscience qu\u2019une forme le suit parfois\u2026 ou semble s\u2019enfuir \u00e0 d\u2019autres instants.<\/p>\n\n\n\n<p>Apr\u00e8s cette conversation, je me suis replong\u00e9 dans mes r\u00e9flexions intimes.<br>Je ne me souviens pas du moment o\u00f9 j\u2019ai d\u00e9couvert mon ombre, celle projet\u00e9e par la lumi\u00e8re.<br>Mais je peux d\u00e9crire une autre prise de conscience, plus lente, plus diffuse : celle d\u2019une autre ombre \u2014 celle que projettent mes comportements, mes id\u00e9es, ma mani\u00e8re d\u2019\u00eatre.<br>Une ombre moins visible, mais parfois plus lourde.<\/p>\n\n\n\n<p>J\u2019ai certainement bless\u00e9 des gens dans ma vie.<br>Certains ont oubli\u00e9. D\u2019autres gardent peut-\u00eatre cette blessure comme une ombre de moi qui tra\u00eene.<br>Mais je suis aussi fier d\u2019avoir fait du bien \u2014 cette ombre bienveillante que j\u2019ai laiss\u00e9e derri\u00e8re moi, et qui, parfois, couvre encore.<\/p>\n\n\n\n<p>Votre ombre s\u2019est, elle aussi, certainement faite sentir dans le monde qui vous entoure. Pour le meilleur, pour le pire.<br>Vous pouvez ne pas \u00eatre conscient de cette entit\u00e9, ce prolongement de vous-m\u00eame.<br>Vous pouvez ne pas vous int\u00e9resser au poids ou \u00e0 la l\u00e9g\u00e8ret\u00e9 qu\u2019elle fait peser sur les autres.<br>Vous pouvez \u00eatre scientifique ou philosophe, et tenir ce discours : \u00ab L\u2019ombre n\u2019existe pas. Elle est une simple absence de lumi\u00e8re. \u00bb<\/p>\n\n\n\n<p>Et pourtant, que vous le vouliez ou non, vous influencez le monde \u2014 par un effet qui d\u00e9passe votre perception.<br><strong>Prenez soin de votre ombre.<\/strong><\/p>\n","protected":false},"excerpt":{"rendered":"<p>J\u2019ai f\u00e9licit\u00e9 St\u00e9phane pour la naissance de son petit-fils Jules, et nous avons parl\u00e9 de ses d\u00e9couvertes sur la petite enfance. L\u2019enfant qui commence \u00e0 pr\u00eater attention aux visages, dont le regard devient plus cibl\u00e9, les mouvements plus assur\u00e9s\u2026 Un cheminement vers une ma\u00eetrise partiellement consciente, partiellement inconsciente \u2014 aboutissant \u00e0 sa personnalit\u00e9 d\u2019adulte. J\u2019ai [&hellip;]<\/p>\n","protected":false},"author":1,"featured_media":0,"comment_status":"open","ping_status":"open","sticky":false,"template":"","format":"standard","meta":{"footnotes":""},"categories":[1],"tags":[],"class_list":["post-342","post","type-post","status-publish","format-standard","hentry","category-non-classe"],"_links":{"self":[{"href":"https:\/\/www.hrn.contact\/index.php?rest_route=\/wp\/v2\/posts\/342","targetHints":{"allow":["GET"]}}],"collection":[{"href":"https:\/\/www.hrn.contact\/index.php?rest_route=\/wp\/v2\/posts"}],"about":[{"href":"https:\/\/www.hrn.contact\/index.php?rest_route=\/wp\/v2\/types\/post"}],"author":[{"embeddable":true,"href":"https:\/\/www.hrn.contact\/index.php?rest_route=\/wp\/v2\/users\/1"}],"replies":[{"embeddable":true,"href":"https:\/\/www.hrn.contact\/index.php?rest_route=%2Fwp%2Fv2%2Fcomments&post=342"}],"version-history":[{"count":1,"href":"https:\/\/www.hrn.contact\/index.php?rest_route=\/wp\/v2\/posts\/342\/revisions"}],"predecessor-version":[{"id":343,"href":"https:\/\/www.hrn.contact\/index.php?rest_route=\/wp\/v2\/posts\/342\/revisions\/343"}],"wp:attachment":[{"href":"https:\/\/www.hrn.contact\/index.php?rest_route=%2Fwp%2Fv2%2Fmedia&parent=342"}],"wp:term":[{"taxonomy":"category","embeddable":true,"href":"https:\/\/www.hrn.contact\/index.php?rest_route=%2Fwp%2Fv2%2Fcategories&post=342"},{"taxonomy":"post_tag","embeddable":true,"href":"https:\/\/www.hrn.contact\/index.php?rest_route=%2Fwp%2Fv2%2Ftags&post=342"}],"curies":[{"name":"wp","href":"https:\/\/api.w.org\/{rel}","templated":true}]}}