{"id":299,"date":"2025-06-12T20:12:27","date_gmt":"2025-06-12T20:12:27","guid":{"rendered":"https:\/\/www.hrn.contact\/?p=299"},"modified":"2025-06-12T20:12:28","modified_gmt":"2025-06-12T20:12:28","slug":"le-ciel","status":"publish","type":"post","link":"https:\/\/www.hrn.contact\/?p=299","title":{"rendered":"Le ciel"},"content":{"rendered":"\n<p>Ma m\u00e8re m\u2019avait dit que le ciel \u00e9tait de la m\u00eame couleur partout dans le monde.<br>Ce soir, en rentrant, j\u2019ai regard\u00e9 ce plafond bleu et j\u2019ai constat\u00e9 que oui \u2014 c\u2019est bien la m\u00eame couleur.<\/p>\n\n\n\n<p>Mais parfois, je sens que non. Ce n\u2019est pas le m\u00eame ciel. Pas celui sous lequel j\u2019ai attrap\u00e9 mon l\u00e9zard. Ni celui sous lequel j\u2019ai v\u00e9cu l\u2019instant le plus calme et d\u00e9tendu de ma vie : allong\u00e9 sur la terrasse de chez moi \u00e0 Chiraz, un soir d\u2019\u00e9t\u00e9, \u00e0 regarder deux chatons jouer ensemble.<\/p>\n\n\n\n<p>Sous ce m\u00eame ciel, sur cette m\u00eame terrasse, j\u2019ai aussi connu l\u2019instant le plus po\u00e9tique de ma vie :<br>ma fianc\u00e9e de l\u2019\u00e9poque m\u2019avait montr\u00e9 du doigt \u00ab son \u00e9toile \u00bb.<\/p>\n\n\n\n<p>Je les ai perdues. Et elle. Et son \u00e9toile.<\/p>\n\n\n\n<p>Parmi les rares v\u00e9ritables universalit\u00e9s humaines, il y a cette pulsion de penser \u00e0 <em>chez soi<\/em>, l\u00e0 o\u00f9 l\u2019on est n\u00e9, o\u00f9 l\u2019on a grandi \u2014<br>et ce fantasme obstin\u00e9 du retour, illustr\u00e9 dans cette chanson folklorique de Chiraz :<\/p>\n\n\n\n<p>Je suis un oiseau blanc \u00e0 l\u2019aile cass\u00e9e.<br>\u00d4 ciel, aide-moi \u00e0 voler, pour que je puisse mourir devant la porte de Chiraz.<\/p>\n\n\n\n<p>Je suis persuad\u00e9 qu\u2019en Gruy\u00e8re, il existe l\u2019\u00e9quivalent de ces mots, dans un vieux patois.<br>Et qu\u2019un Gru\u00e9rien, quelque part de l\u2019autre c\u00f4t\u00e9 du monde, pense \u00e0 sa r\u00e9gion, \u00e0 ses premiers amis, \u00e0 ses premiers flirts, \u00e0 la maison de son enfance\u2026<br>et, tous les jours, \u00e0 sa maman.<\/p>\n","protected":false},"excerpt":{"rendered":"<p>Ma m\u00e8re m\u2019avait dit que le ciel \u00e9tait de la m\u00eame couleur partout dans le monde.Ce soir, en rentrant, j\u2019ai regard\u00e9 ce plafond bleu et j\u2019ai constat\u00e9 que oui \u2014 c\u2019est bien la m\u00eame couleur. Mais parfois, je sens que non. Ce n\u2019est pas le m\u00eame ciel. Pas celui sous lequel j\u2019ai attrap\u00e9 mon l\u00e9zard. [&hellip;]<\/p>\n","protected":false},"author":1,"featured_media":0,"comment_status":"open","ping_status":"open","sticky":false,"template":"","format":"standard","meta":{"footnotes":""},"categories":[1],"tags":[],"class_list":["post-299","post","type-post","status-publish","format-standard","hentry","category-non-classe"],"_links":{"self":[{"href":"https:\/\/www.hrn.contact\/index.php?rest_route=\/wp\/v2\/posts\/299","targetHints":{"allow":["GET"]}}],"collection":[{"href":"https:\/\/www.hrn.contact\/index.php?rest_route=\/wp\/v2\/posts"}],"about":[{"href":"https:\/\/www.hrn.contact\/index.php?rest_route=\/wp\/v2\/types\/post"}],"author":[{"embeddable":true,"href":"https:\/\/www.hrn.contact\/index.php?rest_route=\/wp\/v2\/users\/1"}],"replies":[{"embeddable":true,"href":"https:\/\/www.hrn.contact\/index.php?rest_route=%2Fwp%2Fv2%2Fcomments&post=299"}],"version-history":[{"count":1,"href":"https:\/\/www.hrn.contact\/index.php?rest_route=\/wp\/v2\/posts\/299\/revisions"}],"predecessor-version":[{"id":300,"href":"https:\/\/www.hrn.contact\/index.php?rest_route=\/wp\/v2\/posts\/299\/revisions\/300"}],"wp:attachment":[{"href":"https:\/\/www.hrn.contact\/index.php?rest_route=%2Fwp%2Fv2%2Fmedia&parent=299"}],"wp:term":[{"taxonomy":"category","embeddable":true,"href":"https:\/\/www.hrn.contact\/index.php?rest_route=%2Fwp%2Fv2%2Fcategories&post=299"},{"taxonomy":"post_tag","embeddable":true,"href":"https:\/\/www.hrn.contact\/index.php?rest_route=%2Fwp%2Fv2%2Ftags&post=299"}],"curies":[{"name":"wp","href":"https:\/\/api.w.org\/{rel}","templated":true}]}}