{"id":293,"date":"2025-06-10T06:30:01","date_gmt":"2025-06-10T06:30:01","guid":{"rendered":"https:\/\/www.hrn.contact\/?p=293"},"modified":"2025-06-10T10:00:32","modified_gmt":"2025-06-10T10:00:32","slug":"sous-le-ciel-de-la-suisse","status":"publish","type":"post","link":"https:\/\/www.hrn.contact\/?p=293","title":{"rendered":"Un p\u00e8lerinage secret en Suisse"},"content":{"rendered":"\n<p>M\u00eame les Suisses de souche me disent que mon image de ce pays est un peu id\u00e9alis\u00e9e. Mais j\u2019aime vraiment rendre hommage \u00e0 cette terre qui m\u2019accueille depuis douze ans, \u00e0 travers deux souvenirs.<\/p>\n\n\n\n<p>Le premier remonte \u00e0 onze ans, lorsque j\u2019habitais Savigny, dans le canton de Vaud. Mon propri\u00e9taire m\u2019avait mis en garde contre le voisin suisse allemand, &#8220;aussi strict que les autres germanophones&#8221;, disait-il.<\/p>\n\n\n\n<p>Le lendemain de No\u00ebl cette ann\u00e9e-l\u00e0, j\u2019ai ouvert la porte \u00e0 ce voisin venu m\u2019offrir une bo\u00eete de chocolats. Il a refus\u00e9 mon invitation \u00e0 entrer, mais m\u2019a propos\u00e9 de venir chez lui pour un caf\u00e9.<br>Chez lui, j\u2019ai \u00e9t\u00e9 accueilli chaleureusement par sa femme. Nous avons discut\u00e9 deux ou trois heures dans une ambiance amicale et d\u00e9tendue.<br>Au moment de mon d\u00e9part, il m\u2019a dit, avec beaucoup de respect, que mon chat faisait ses besoins devant chez eux, et qu\u2019il aimerait que je trouve une solution.<br>Je suis rest\u00e9 fascin\u00e9 par cette fa\u00e7on de faire : directe mais respectueuse, chaleureuse mais pr\u00e9cise.<\/p>\n\n\n\n<p>Le deuxi\u00e8me souvenir date d\u2019un soir, il y a huit ans. Je marchais dans la Grand-Rue de Bulle avec ma m\u00e8re, venue passer quelques semaines chez moi.<br>\u00c0 un moment, elle m\u2019a dit :<br>\u2014 <em>Hamid, tu peux rentrer au pays, le ciel a la m\u00eame couleur.<\/em><br>Elle voulait dire que je pourrais vivre aussi bien chez nous.<br>Spontan\u00e9ment, j\u2019ai baiss\u00e9 la t\u00eate et travers\u00e9 la rue, juste devant une voiture. Le conducteur s\u2019est arr\u00eat\u00e9, m\u2019a souri et m\u2019a laiss\u00e9 passer, suivi de ma m\u00e8re.<br>De l\u2019autre c\u00f4t\u00e9, je me suis tourn\u00e9 vers elle et j\u2019ai dit :<br>\u2014 <em>Tu vois, maman ? Le ciel n\u2019a pas la m\u00eame couleur ici.<\/em><\/p>\n\n\n\n<p>J\u2019aime raconter ces deux souvenirs \u00e0 mes amis quand ils viennent me rendre visite. Je les emm\u00e8ne volontiers au village de Rossini\u00e8re, p\u00e8lerinage discret pour les Iraniens de ma g\u00e9n\u00e9ration, berc\u00e9s par le dessin anim\u00e9 <em>Avec Annette aux Alpes<\/em>.<br>Avec mes amis, nous partageons nos souvenirs d\u2019enfance, admiratifs du courage de Julien, traversant les montagnes enneig\u00e9es, par une nuit de temp\u00eate, pour r\u00e9parer l\u2019erreur qui avait bless\u00e9 Denis, le fr\u00e8re d\u2019Annette.<br>Et parfois, avec les yeux humides.<\/p>\n","protected":false},"excerpt":{"rendered":"<p>M\u00eame les Suisses de souche me disent que mon image de ce pays est un peu id\u00e9alis\u00e9e. Mais j\u2019aime vraiment rendre hommage \u00e0 cette terre qui m\u2019accueille depuis douze ans, \u00e0 travers deux souvenirs. Le premier remonte \u00e0 onze ans, lorsque j\u2019habitais Savigny, dans le canton de Vaud. Mon propri\u00e9taire m\u2019avait mis en garde contre [&hellip;]<\/p>\n","protected":false},"author":1,"featured_media":0,"comment_status":"open","ping_status":"open","sticky":false,"template":"","format":"standard","meta":{"footnotes":""},"categories":[1],"tags":[],"class_list":["post-293","post","type-post","status-publish","format-standard","hentry","category-non-classe"],"_links":{"self":[{"href":"https:\/\/www.hrn.contact\/index.php?rest_route=\/wp\/v2\/posts\/293","targetHints":{"allow":["GET"]}}],"collection":[{"href":"https:\/\/www.hrn.contact\/index.php?rest_route=\/wp\/v2\/posts"}],"about":[{"href":"https:\/\/www.hrn.contact\/index.php?rest_route=\/wp\/v2\/types\/post"}],"author":[{"embeddable":true,"href":"https:\/\/www.hrn.contact\/index.php?rest_route=\/wp\/v2\/users\/1"}],"replies":[{"embeddable":true,"href":"https:\/\/www.hrn.contact\/index.php?rest_route=%2Fwp%2Fv2%2Fcomments&post=293"}],"version-history":[{"count":2,"href":"https:\/\/www.hrn.contact\/index.php?rest_route=\/wp\/v2\/posts\/293\/revisions"}],"predecessor-version":[{"id":295,"href":"https:\/\/www.hrn.contact\/index.php?rest_route=\/wp\/v2\/posts\/293\/revisions\/295"}],"wp:attachment":[{"href":"https:\/\/www.hrn.contact\/index.php?rest_route=%2Fwp%2Fv2%2Fmedia&parent=293"}],"wp:term":[{"taxonomy":"category","embeddable":true,"href":"https:\/\/www.hrn.contact\/index.php?rest_route=%2Fwp%2Fv2%2Fcategories&post=293"},{"taxonomy":"post_tag","embeddable":true,"href":"https:\/\/www.hrn.contact\/index.php?rest_route=%2Fwp%2Fv2%2Ftags&post=293"}],"curies":[{"name":"wp","href":"https:\/\/api.w.org\/{rel}","templated":true}]}}