{"id":278,"date":"2025-06-02T11:07:05","date_gmt":"2025-06-02T11:07:05","guid":{"rendered":"https:\/\/www.hrn.contact\/?p=278"},"modified":"2025-06-02T14:17:04","modified_gmt":"2025-06-02T14:17:04","slug":"pinochet-les-chiottes-et-la-democratie","status":"publish","type":"post","link":"https:\/\/www.hrn.contact\/?p=278","title":{"rendered":"Pinochet, les chiottes et la d\u00e9mocratie"},"content":{"rendered":"\n<p><strong>Avec une petite recherche sur Wikip\u00e9dia, je peux retrouver la date exacte : le 9 d\u00e9cembre 1998.<\/strong><br>Ce jour-l\u00e0, Jack Straw donne son feu vert pour l\u2019extradition du g\u00e9n\u00e9ral Pinochet. Je ne connais toujours pas grand-chose de sa biographie, mais je sais qu\u2019il est arriv\u00e9 au pouvoir un certain 11 septembre du XXe si\u00e8cle. Il a pris le pouvoir par un coup d\u2019\u00c9tat appuy\u00e9 par les Am\u00e9ricains, et il a fait des dizaines de milliers de victimes dans son pays.<br>L\u2019histoire du 11 septembre chilien est rel\u00e9gu\u00e9e aux oubliettes, et l\u2019on ne retient du 11 septembre que celui de 2001, lorsque Al-Qa\u00efda a fait plusieurs milliers de morts.<\/p>\n\n\n\n<p>Ce jour de d\u00e9cembre 1998, alors que je marchais vers mon unit\u00e9, une cheffe de service de l\u2019h\u00f4pital de Ville-\u00c9vrard, o\u00f9 j\u2019\u00e9tais interne, s\u2019est approch\u00e9e de moi avec enthousiasme pour me demander si j\u2019avais eu la nouvelle. Je lui ai r\u00e9pondu non, et elle m\u2019a expliqu\u00e9. Mon incompr\u00e9hension n\u2019\u00e9tait pas seulement due au fait que je n\u2019\u00e9tais pas encore au courant de l\u2019histoire du Chili, mais aussi \u00e0 ce d\u00e9tail trivial et pourtant marquant : elle portait l\u2019odeur de quelqu\u2019un qui sort des toilettes sans avoir pris soin de lui.<\/p>\n\n\n\n<p>C\u2019est ce jour-l\u00e0, \u00e0 l\u2019\u00e2ge de 29 ans, que j\u2019ai compris \u2013 enfin \u2013 que tout le monde va aux toilettes, tout le monde s\u2019assoit sur la cuvette, tout le monde fait ses besoins.<br>En m\u00eame temps, le mythe d\u2019un Occident impeccable, soign\u00e9, respectueux des protocoles et toujours dans le bon ton, s\u2019est effondr\u00e9 dans ma t\u00eate. Je me suis rappel\u00e9 comment, quelques mois avant mon arriv\u00e9e en France, j\u2019avais fait attention \u00e0 tout quand j\u2019\u00e9tais invit\u00e9 \u00e0 l\u2019ambassade de France \u00e0 T\u00e9h\u00e9ran comme futur interne des h\u00f4pitaux de Paris. Pour cette soir\u00e9e \u00e0 l\u2019ambassade, j\u2019avais achet\u00e9 un nouveau costume et une cravate, j\u2019avais fait attention \u00e0 tous les d\u00e9tails, et j\u2019avais m\u00eame improvis\u00e9 une amie comme compagne de l\u2019\u00e9v\u00e9nement.<br>Le 9 d\u00e9cembre 1998, j\u2019ai constat\u00e9 \u00e9galement l\u2019absurdit\u00e9 de toute mon id\u00e9alisation du monde de ce c\u00f4t\u00e9.<\/p>\n\n\n\n<p>Le temps a pass\u00e9, et aujourd\u2019hui, toute ma foi est perdue vis-\u00e0-vis des id\u00e9aux de ce monde. Je suis fermement convaincu d\u2019une chose : personne n\u2019est innocent, personne n\u2019est saint, et chacun peut avoir sa part de &#8220;merde&#8221;.<br>J\u2019ai m\u00eame appris que les pr\u00e9tendants \u00e0 \u00ab la plus grande d\u00e9mocratie \u00bb ne sont pas moins coupables que les dictateurs les plus f\u00e9roces. J\u2019ai appris l\u2019histoire de la colonisation, de l\u2019esclavage, et de l\u2019ing\u00e9rence des grandes puissances dans le monde. Et j&#8217;observe, aujourd\u2019hui encore, le g\u00e9nocide du peuple palestinien par \u00ab la seule d\u00e9mocratie \u00bb du Moyen-Orient.<\/p>\n\n\n\n<p><\/p>\n","protected":false},"excerpt":{"rendered":"<p>Avec une petite recherche sur Wikip\u00e9dia, je peux retrouver la date exacte : le 9 d\u00e9cembre 1998.Ce jour-l\u00e0, Jack Straw donne son feu vert pour l\u2019extradition du g\u00e9n\u00e9ral Pinochet. Je ne connais toujours pas grand-chose de sa biographie, mais je sais qu\u2019il est arriv\u00e9 au pouvoir un certain 11 septembre du XXe si\u00e8cle. Il a [&hellip;]<\/p>\n","protected":false},"author":1,"featured_media":0,"comment_status":"open","ping_status":"open","sticky":false,"template":"","format":"standard","meta":{"footnotes":""},"categories":[1],"tags":[],"class_list":["post-278","post","type-post","status-publish","format-standard","hentry","category-non-classe"],"_links":{"self":[{"href":"https:\/\/www.hrn.contact\/index.php?rest_route=\/wp\/v2\/posts\/278","targetHints":{"allow":["GET"]}}],"collection":[{"href":"https:\/\/www.hrn.contact\/index.php?rest_route=\/wp\/v2\/posts"}],"about":[{"href":"https:\/\/www.hrn.contact\/index.php?rest_route=\/wp\/v2\/types\/post"}],"author":[{"embeddable":true,"href":"https:\/\/www.hrn.contact\/index.php?rest_route=\/wp\/v2\/users\/1"}],"replies":[{"embeddable":true,"href":"https:\/\/www.hrn.contact\/index.php?rest_route=%2Fwp%2Fv2%2Fcomments&post=278"}],"version-history":[{"count":3,"href":"https:\/\/www.hrn.contact\/index.php?rest_route=\/wp\/v2\/posts\/278\/revisions"}],"predecessor-version":[{"id":282,"href":"https:\/\/www.hrn.contact\/index.php?rest_route=\/wp\/v2\/posts\/278\/revisions\/282"}],"wp:attachment":[{"href":"https:\/\/www.hrn.contact\/index.php?rest_route=%2Fwp%2Fv2%2Fmedia&parent=278"}],"wp:term":[{"taxonomy":"category","embeddable":true,"href":"https:\/\/www.hrn.contact\/index.php?rest_route=%2Fwp%2Fv2%2Fcategories&post=278"},{"taxonomy":"post_tag","embeddable":true,"href":"https:\/\/www.hrn.contact\/index.php?rest_route=%2Fwp%2Fv2%2Ftags&post=278"}],"curies":[{"name":"wp","href":"https:\/\/api.w.org\/{rel}","templated":true}]}}